{"id":18,"date":"2017-12-26T12:00:19","date_gmt":"2017-12-26T11:00:19","guid":{"rendered":"http:\/\/www.mr-jaehne.de\/?p=18"},"modified":"2018-11-26T15:08:50","modified_gmt":"2018-11-26T14:08:50","slug":"dezember-2017","status":"publish","type":"post","link":"https:\/\/www.mr-jaehne.de\/?p=18","title":{"rendered":"Traurig"},"content":{"rendered":"<p><strong>Nachtr\u00e4gliche Anmerkung:<\/strong><br \/>\nBitte beachten Sie, dass folgender Artikel etwas voreilig ver\u00f6ffentlicht wurde und wir diese Entscheidung revidiert haben (siehe dazu <a href=\"https:\/\/www.mr-jaehne.de\/?p=40\">Die Zukunft<\/a>).<\/p>\n<p><strong>Originaler Artikel:<\/strong><br \/>\nLeider m\u00fcssen wir Ihnen mitteilen, dass Herr J\u00e4hne pl\u00f6tzlich verstorben ist.<\/p>\n<p>Es gibt keinen Nachfolger, der die technische Kompetenz in Verbindung mit dem Fachwissen von Herrn J\u00e4hne ersetzten kann. Deshalb wird es unsere Produkte nicht mehr geben.<\/p>\n<p>Allerdings gibt es noch Restbest\u00e4nde von Dimmern, Stromversorgungen und LEDs. Wenn Sie Anlagen von uns besitzen und sich etwas von den o.g. Produkten als Reserve zur\u00fccklegen m\u00f6chten, kontaktieren Sie uns wie gewohnt unter mr-jaehne-gmbh@t-online.de. Allerdings k\u00f6nnen Sie nur die Teile bekommen, eine Montage ist nicht mehr m\u00f6glich.<\/p>\n<p>Ich m\u00f6chte mich im Namen der Firma f\u00fcr Ihre langj\u00e4hrige Treue bedanken.<\/p>\n<p>Mattes J\u00e4hne&nbsp;&nbsp;&nbsp;&nbsp;&nbsp;&nbsp;&nbsp;&nbsp;&nbsp;&nbsp;&nbsp;&nbsp; und&nbsp;&nbsp;&nbsp;&nbsp;&nbsp;&nbsp;&nbsp;&nbsp;&nbsp;&nbsp;&nbsp;&nbsp;&nbsp; Margret von Deetzen<br \/>\nGesch\u00e4ftsf\u00fchrer&nbsp;&nbsp;&nbsp;&nbsp;&nbsp;&nbsp;&nbsp;&nbsp;&nbsp;&nbsp;&nbsp;&nbsp;&nbsp;&nbsp;&nbsp;&nbsp;&nbsp;&nbsp;&nbsp;&nbsp;&nbsp;&nbsp;&nbsp;&nbsp;&nbsp;&nbsp;&nbsp;&nbsp; Lebensgef\u00e4hrtin und Mitarbeiterin<\/p>\n<div id=\"c272\" class=\"csc-default\">\n<div class=\"csc-textpic csc-textpic-center csc-textpic-above\">\n<div>\n<figure id=\"attachment_22\" aria-describedby=\"caption-attachment-22\" style=\"width: 200px\" class=\"wp-caption aligncenter\"><img loading=\"lazy\" decoding=\"async\" class=\"wp-image-22 size-full\" src=\"http:\/\/www.mr-jaehne.de\/wp-content\/uploads\/2018\/03\/Opa.jpg\" alt=\"\" width=\"200\" height=\"267\"><figcaption id=\"caption-attachment-22\" class=\"wp-caption-text\">Walter J\u00e4hne<\/figcaption><\/figure>\n<\/div>\n<\/div>\n<\/div>\n","protected":false},"excerpt":{"rendered":"<p>Nachtr\u00e4gliche Anmerkung: Bitte beachten Sie, dass folgender Artikel etwas voreilig ver\u00f6ffentlicht wurde und wir diese Entscheidung revidiert haben (siehe dazu Die Zukunft). [&hellip;]<\/p>\n","protected":false},"author":1,"featured_media":0,"comment_status":"open","ping_status":"open","sticky":false,"template":"","format":"standard","meta":{"ngg_post_thumbnail":0,"footnotes":""},"categories":[1],"tags":[],"class_list":["post-18","post","type-post","status-publish","format-standard","hentry","category-neuigkeiten"],"_links":{"self":[{"href":"https:\/\/www.mr-jaehne.de\/index.php?rest_route=\/wp\/v2\/posts\/18","targetHints":{"allow":["GET"]}}],"collection":[{"href":"https:\/\/www.mr-jaehne.de\/index.php?rest_route=\/wp\/v2\/posts"}],"about":[{"href":"https:\/\/www.mr-jaehne.de\/index.php?rest_route=\/wp\/v2\/types\/post"}],"author":[{"embeddable":true,"href":"https:\/\/www.mr-jaehne.de\/index.php?rest_route=\/wp\/v2\/users\/1"}],"replies":[{"embeddable":true,"href":"https:\/\/www.mr-jaehne.de\/index.php?rest_route=%2Fwp%2Fv2%2Fcomments&post=18"}],"version-history":[{"count":11,"href":"https:\/\/www.mr-jaehne.de\/index.php?rest_route=\/wp\/v2\/posts\/18\/revisions"}],"predecessor-version":[{"id":302,"href":"https:\/\/www.mr-jaehne.de\/index.php?rest_route=\/wp\/v2\/posts\/18\/revisions\/302"}],"wp:attachment":[{"href":"https:\/\/www.mr-jaehne.de\/index.php?rest_route=%2Fwp%2Fv2%2Fmedia&parent=18"}],"wp:term":[{"taxonomy":"category","embeddable":true,"href":"https:\/\/www.mr-jaehne.de\/index.php?rest_route=%2Fwp%2Fv2%2Fcategories&post=18"},{"taxonomy":"post_tag","embeddable":true,"href":"https:\/\/www.mr-jaehne.de\/index.php?rest_route=%2Fwp%2Fv2%2Ftags&post=18"}],"curies":[{"name":"wp","href":"https:\/\/api.w.org\/{rel}","templated":true}]}}